{"id":14603,"date":"2025-09-05T10:00:04","date_gmt":"2025-09-05T08:00:04","guid":{"rendered":"https:\/\/galluscsoport.hu\/?p=14603"},"modified":"2025-10-27T10:53:22","modified_gmt":"2025-10-27T09:53:22","slug":"support-on-the-international-day-of-charity","status":"publish","type":"post","link":"https:\/\/galluscsoport.hu\/en\/support-on-the-international-day-of-charity\/","title":{"rendered":"Support on the International Day of Charity"},"content":{"rendered":"<p><strong>September 5, the International Day of Charity<\/strong> \u2013 adopted by the UN in 2012 upon a Hungarian initiative \u2013 is an excellent occasion to reflect on the results of our corporate social responsibility program. In this spirit, we took another step: <strong>we donated IT equipment to the K\u00e1na\u00e1n-House Mother and Daughter Home of the P\u00e1pai Sarokk\u0151 Baptist Church.<\/strong><\/p>\n<p>This temporary residential home currently provides shelter for 10\u201312 women and their children fleeing abusive relationships, offering them a safe environment for an average of 12 months.<\/p>\n<p>The donated equipment will not only support the residents of the home but also families who have already reintegrated into society and cannot afford such IT devices due to financial constraints. This contribution significantly eases their everyday lives and improves their quality of life.<\/p>\n","protected":false},"excerpt":{"rendered":"<p>September 5, the International Day of Charity \u2013 adopted by the UN in 2012 upon a Hungarian initiative \u2013 is an excellent occasion to reflect on the results of our corporate social responsibility program. In this spirit, we took another step: we donated IT equipment to the K\u00e1na\u00e1n-House Mother and Daughter Home of the P\u00e1pai [&hellip;]<\/p>\n","protected":false},"author":26,"featured_media":14421,"comment_status":"closed","ping_status":"closed","sticky":false,"template":"","format":"standard","meta":{"inline_featured_image":false,"ngg_post_thumbnail":0,"footnotes":""},"categories":[120],"tags":[],"class_list":["post-14603","post","type-post","status-publish","format-standard","has-post-thumbnail","hentry","category-hireink-en"],"aioseo_notices":[],"_links":{"self":[{"href":"https:\/\/galluscsoport.hu\/en\/wp-json\/wp\/v2\/posts\/14603","targetHints":{"allow":["GET"]}}],"collection":[{"href":"https:\/\/galluscsoport.hu\/en\/wp-json\/wp\/v2\/posts"}],"about":[{"href":"https:\/\/galluscsoport.hu\/en\/wp-json\/wp\/v2\/types\/post"}],"author":[{"embeddable":true,"href":"https:\/\/galluscsoport.hu\/en\/wp-json\/wp\/v2\/users\/26"}],"replies":[{"embeddable":true,"href":"https:\/\/galluscsoport.hu\/en\/wp-json\/wp\/v2\/comments?post=14603"}],"version-history":[{"count":1,"href":"https:\/\/galluscsoport.hu\/en\/wp-json\/wp\/v2\/posts\/14603\/revisions"}],"predecessor-version":[{"id":14604,"href":"https:\/\/galluscsoport.hu\/en\/wp-json\/wp\/v2\/posts\/14603\/revisions\/14604"}],"wp:featuredmedia":[{"embeddable":true,"href":"https:\/\/galluscsoport.hu\/en\/wp-json\/wp\/v2\/media\/14421"}],"wp:attachment":[{"href":"https:\/\/galluscsoport.hu\/en\/wp-json\/wp\/v2\/media?parent=14603"}],"wp:term":[{"taxonomy":"category","embeddable":true,"href":"https:\/\/galluscsoport.hu\/en\/wp-json\/wp\/v2\/categories?post=14603"},{"taxonomy":"post_tag","embeddable":true,"href":"https:\/\/galluscsoport.hu\/en\/wp-json\/wp\/v2\/tags?post=14603"}],"curies":[{"name":"wp","href":"https:\/\/api.w.org\/{rel}","templated":true}]}}