{"id":10842,"date":"2019-12-20T18:30:12","date_gmt":"2019-12-20T17:30:12","guid":{"rendered":"https:\/\/galluscsoport.hu\/?p=10842"},"modified":"2022-05-09T15:03:34","modified_gmt":"2022-05-09T13:03:34","slug":"saying-goodbye","status":"publish","type":"post","link":"https:\/\/galluscsoport.hu\/en\/saying-goodbye\/","title":{"rendered":"SAYING GOODBYE"},"content":{"rendered":"<div class=\"fusion-fullwidth fullwidth-box fusion-builder-row-1 fusion-flex-container nonhundred-percent-fullwidth non-hundred-percent-height-scrolling\" style=\"background-color: rgba(255,255,255,0);background-position: center center;background-repeat: no-repeat;border-width: 0px 0px 0px 0px;border-color:#eae9e9;border-style:solid;\" ><div class=\"fusion-builder-row fusion-row fusion-flex-align-items-flex-start\" style=\"max-width:1144px;margin-left: calc(-4% \/ 2 );margin-right: calc(-4% \/ 2 );\"><div class=\"fusion-layout-column fusion_builder_column fusion-builder-column-0 fusion_builder_column_1_1 1_1 fusion-flex-column\"><div class=\"fusion-column-wrapper fusion-flex-justify-content-flex-start fusion-content-layout-column\" style=\"background-position:left top;background-repeat:no-repeat;-webkit-background-size:cover;-moz-background-size:cover;-o-background-size:cover;background-size:cover;padding: 0px 0px 0px 0px;\"><div class=\"fusion-text fusion-text-1\"><h1>We regret to inform you that our father, the founder and CEO of the Gallus Group, Istv\u00e1n Szab\u00f3, passed away on 20 December 2019, at the age of 72, after a short, severe illness. His passing leaves a huge gap in our lives.<\/h1>\n<p>He managed Gallus Kft. since 1991, which he developed over the past nearly 30 years into a fully integrated group of companies employing more than 1,100 people and one of the largest employers in the region.<\/p>\n<p>He was delighted to be able to pass on his knowledge and work gradually and steadily to the next generations, starting his career in a similarly supportive environment. He was proud of the excellent professionals who made the continuous development of his group possible, of the results they had achieved together and of the successful Hungarian family business he had envisioned. He knew that it was very difficult to build such an excellent team in Hungary today, but he also considered himself lucky to be able to help such a young and extraordinary company, as he put it, &#8220;as a manager with some extra experience&#8221;.<\/p>\n<p>His charming personality, his empathy, his love of his profession and his preparedness will always be missed. His extensive lifetime of work, his humility and his unshakeable belief in the value of honest work stand as an example to us all.<\/p>\n<p>\u00c1kos Szab\u00f3, P\u00e9ter Szab\u00f3<\/p>\n<\/div><\/div><style type=\"text\/css\">.fusion-body .fusion-builder-column-0{width:100% !important;margin-top : 0px;margin-bottom : 0px;}.fusion-builder-column-0 > .fusion-column-wrapper {padding-top : 0px !important;padding-right : 0px !important;margin-right : 1.92%;padding-bottom : 0px !important;padding-left : 0px !important;margin-left : 1.92%;}@media only screen and (max-width:1024px) {.fusion-body .fusion-builder-column-0{width:100% !important;}.fusion-builder-column-0 > .fusion-column-wrapper {margin-right : 1.92%;margin-left : 1.92%;}}@media only screen and (max-width:640px) {.fusion-body .fusion-builder-column-0{width:100% !important;}.fusion-builder-column-0 > .fusion-column-wrapper {margin-right : 1.92%;margin-left : 1.92%;}}<\/style><\/div><\/div><style type=\"text\/css\">.fusion-body .fusion-flex-container.fusion-builder-row-1{ padding-top : 0px;margin-top : 0px;padding-right : 0px;padding-bottom : 0px;margin-bottom : 0px;padding-left : 0px;}<\/style><\/div>\n","protected":false},"excerpt":{"rendered":"<p>We regret to inform you that our father, the founder and CEO of the Gallus Group, Istv\u00e1n Szab\u00f3, passed away on 20 December 2019, at the age of 72, after a short, severe illness. His passing leaves a huge gap in our lives.<\/p>\n","protected":false},"author":13,"featured_media":6734,"comment_status":"closed","ping_status":"closed","sticky":false,"template":"","format":"standard","meta":{"inline_featured_image":false,"ngg_post_thumbnail":0,"footnotes":""},"categories":[120],"tags":[],"class_list":["post-10842","post","type-post","status-publish","format-standard","has-post-thumbnail","hentry","category-hireink-en"],"aioseo_notices":[],"_links":{"self":[{"href":"https:\/\/galluscsoport.hu\/en\/wp-json\/wp\/v2\/posts\/10842","targetHints":{"allow":["GET"]}}],"collection":[{"href":"https:\/\/galluscsoport.hu\/en\/wp-json\/wp\/v2\/posts"}],"about":[{"href":"https:\/\/galluscsoport.hu\/en\/wp-json\/wp\/v2\/types\/post"}],"author":[{"embeddable":true,"href":"https:\/\/galluscsoport.hu\/en\/wp-json\/wp\/v2\/users\/13"}],"replies":[{"embeddable":true,"href":"https:\/\/galluscsoport.hu\/en\/wp-json\/wp\/v2\/comments?post=10842"}],"version-history":[{"count":6,"href":"https:\/\/galluscsoport.hu\/en\/wp-json\/wp\/v2\/posts\/10842\/revisions"}],"predecessor-version":[{"id":11333,"href":"https:\/\/galluscsoport.hu\/en\/wp-json\/wp\/v2\/posts\/10842\/revisions\/11333"}],"wp:featuredmedia":[{"embeddable":true,"href":"https:\/\/galluscsoport.hu\/en\/wp-json\/wp\/v2\/media\/6734"}],"wp:attachment":[{"href":"https:\/\/galluscsoport.hu\/en\/wp-json\/wp\/v2\/media?parent=10842"}],"wp:term":[{"taxonomy":"category","embeddable":true,"href":"https:\/\/galluscsoport.hu\/en\/wp-json\/wp\/v2\/categories?post=10842"},{"taxonomy":"post_tag","embeddable":true,"href":"https:\/\/galluscsoport.hu\/en\/wp-json\/wp\/v2\/tags?post=10842"}],"curies":[{"name":"wp","href":"https:\/\/api.w.org\/{rel}","templated":true}]}}